{"id":805,"date":"2021-10-05T10:41:54","date_gmt":"2021-10-05T10:41:54","guid":{"rendered":"https:\/\/plus.agency\/?p=805"},"modified":"2022-10-20T13:50:38","modified_gmt":"2022-10-20T11:50:38","slug":"balancer-mellem-faglighed-og-festlighed-giv-hvert-punkt-mening","status":"publish","type":"post","link":"https:\/\/plus.agency\/da\/artikler\/balancer-mellem-faglighed-og-festlighed-giv-hvert-punkt-mening\/","title":{"rendered":"Balancer mellem faglighed og festlighed: Giv hvert punkt mening"},"content":{"rendered":"\t\t<div data-elementor-type=\"wp-post\" data-elementor-id=\"805\" class=\"elementor elementor-805\" data-elementor-post-type=\"post\">\n\t\t\t\t\t\t<section class=\"elementor-section elementor-top-section elementor-element elementor-element-63d74d6 elementor-section-boxed elementor-section-height-default elementor-section-height-default\" data-id=\"63d74d6\" data-element_type=\"section\">\n\t\t\t\t\t\t<div class=\"elementor-container elementor-column-gap-default\">\n\t\t\t\t\t<div class=\"elementor-column elementor-col-100 elementor-top-column elementor-element elementor-element-9c2963d\" data-id=\"9c2963d\" data-element_type=\"column\">\n\t\t\t<div class=\"elementor-widget-wrap elementor-element-populated\">\n\t\t\t\t\t\t<div class=\"elementor-element elementor-element-94db6b0 elementor-widget elementor-widget-text-editor\" data-id=\"94db6b0\" data-element_type=\"widget\" data-widget_type=\"text-editor.default\">\n\t\t\t\t<div class=\"elementor-widget-container\">\n\t\t\t\t\t\t\t\t\t<p>Du sidder til en konference, og med et smil p\u00e5 l\u00e6ben siger konferencieren: \u201dNu vil jeg gerne bede jer alle sammen rejse jer op.\u201d<\/p><p>Hvad er din f\u00f8rste reaktion? Hvis du t\u00e6nker: \u00c5H NEEEEJ!!!! s\u00e5 ligner du de fleste andre. Man bliver straks bekymret for, hvad man nu skal uds\u00e6ttes for. Bliver det pinligt? Kommer jeg til at se dum ud? Skal jeg sige noget foran mange mennesker? F\u00e5r jeg sved p\u00e5 panden? Husk denne reaktion, n\u00e5r du som arrang\u00f8r af et stort m\u00f8de skal finde en m\u00e5de at involvere dine deltagere p\u00e5.<\/p><h5>\u00a0<\/h5><h5><strong>Mening<\/strong><\/h5><p>Hemmeligheden er, at deltagerinvolverende aktiviteter helst skal v\u00e6re b\u00e5de faglige og festlige p\u00e5 samme tid. Sjove indslag, der kun har til form\u00e5l at v\u00e6re en mellemmad til kedelige indl\u00e6g er meget sv\u00e6re at tr\u00e6kke deltagerne op til. Jo mere at deltagerinvolvering har et fagligt omdrejningspunkt, jo mere mening giver det for deltagerne \u2013 og jo mere motiverede er de for at deltage i dem.<\/p><h5>\u00a0<\/h5><h5><strong>Hold den r\u00f8de tr\u00e5d<\/strong><\/h5><p>P\u00e5 samme m\u00e5de skal du gerne integrere det faglige og det festlige, n\u00e5r du skal finde ud af, hvad der skal ske p\u00e5 scenen under dit m\u00f8de. Det er fx ikke en god id\u00e9 at pr\u00e6sentere en meget faglig, men utrolig kedelig opl\u00e6gsholder og bagefter g\u00e5 i den anden gr\u00f8ft og s\u00e6tte en standup komiker p\u00e5 scenen \u2013 hvor den r\u00f8de tr\u00e5d til dagens tema er sv\u00e6r at f\u00e5 \u00f8je p\u00e5. Find hellere en person, der er solidt fagligt funderet, som kan formidle r\u00f8ven ud af bukserne, eller en sk\u00e6v taler, der kan sige noget om m\u00f8dets tema fra en helt anden vinkel, end deltagerne plejer at h\u00f8re.<\/p><h5>\u00a0<\/h5><h5><strong>Autencitet<\/strong><\/h5><p>At noget opleves som meningsfuldt af deltagerne handler ogs\u00e5 i h\u00f8j grad om autencitet. Hvis du fx beder folk bidrage med deres input til et eller andet, s\u00e5 skal resultaterne bruges til noget reelt bagefter, s\u00e5 deltagerne m\u00e6rker, at de har gjort en forskel.<\/p><p>Alts\u00e5; ikke for tungt, ikke for pjattet og for alt i verden ikke uden betydning. N\u00e5r det giver mening for deltagerne at v\u00e6re med, s\u00e5 vil de engagere sig maks i dit m\u00f8de.<\/p>\t\t\t\t\t\t\t\t<\/div>\n\t\t\t\t<\/div>\n\t\t\t\t\t<\/div>\n\t\t<\/div>\n\t\t\t\t\t<\/div>\n\t\t<\/section>\n\t\t\t\t<\/div>\n\t\t","protected":false},"excerpt":{"rendered":"<p>Du sidder til en konference, og med et smil p\u00e5 l\u00e6ben siger konferencieren: \u201dNu vil jeg gerne bede jer alle sammen rejse jer op.\u201d Hvad er din f\u00f8rste reaktion? Hvis du t\u00e6nker: \u00c5H NEEEEJ!!!! s\u00e5 ligner du de fleste andre. Man bliver straks bekymret for, hvad man nu skal uds\u00e6ttes for. Bliver det pinligt? Kommer [&hellip;]<\/p>\n","protected":false},"author":1,"featured_media":807,"comment_status":"open","ping_status":"open","sticky":false,"template":"elementor_theme","format":"standard","meta":{"inline_featured_image":false,"footnotes":""},"categories":[11],"tags":[],"class_list":["post-805","post","type-post","status-publish","format-standard","has-post-thumbnail","hentry","category-artikler"],"yoast_head":"<!-- This site is optimized with the Yoast SEO plugin v26.0 - https:\/\/yoast.com\/wordpress\/plugins\/seo\/ -->\n<title>Balancer mellem faglighed og festlighed: Giv hvert punkt mening &#8211; Plus Agency<\/title>\n<meta name=\"robots\" content=\"index, follow, max-snippet:-1, max-image-preview:large, max-video-preview:-1\" \/>\n<link rel=\"canonical\" href=\"https:\/\/plus.agency\/da\/artikler\/balancer-mellem-faglighed-og-festlighed-giv-hvert-punkt-mening\/\" \/>\n<meta property=\"og:locale\" content=\"da_DK\" \/>\n<meta property=\"og:type\" content=\"article\" \/>\n<meta property=\"og:title\" content=\"Balancer mellem faglighed og festlighed: Giv hvert punkt mening &#8211; Plus Agency\" \/>\n<meta property=\"og:description\" content=\"Du sidder til en konference, og med et smil p\u00e5 l\u00e6ben siger konferencieren: \u201dNu vil jeg gerne bede jer alle sammen rejse jer op.\u201d Hvad er din f\u00f8rste reaktion? Hvis du t\u00e6nker: \u00c5H NEEEEJ!!!! s\u00e5 ligner du de fleste andre. Man bliver straks bekymret for, hvad man nu skal uds\u00e6ttes for. Bliver det pinligt? Kommer [&hellip;]\" \/>\n<meta property=\"og:url\" content=\"https:\/\/plus.agency\/da\/artikler\/balancer-mellem-faglighed-og-festlighed-giv-hvert-punkt-mening\/\" \/>\n<meta property=\"og:site_name\" content=\"Plus Agency\" \/>\n<meta property=\"article:published_time\" content=\"2021-10-05T10:41:54+00:00\" \/>\n<meta property=\"article:modified_time\" content=\"2022-10-20T11:50:38+00:00\" \/>\n<meta property=\"og:image\" content=\"https:\/\/plus.agency\/wp-content\/uploads\/2021\/10\/4-Balance-in-conference-planning-768x768.gif\" \/>\n\t<meta property=\"og:image:width\" content=\"768\" \/>\n\t<meta property=\"og:image:height\" content=\"768\" \/>\n\t<meta property=\"og:image:type\" content=\"image\/gif\" \/>\n<meta name=\"author\" content=\"lirdi\" \/>\n<meta name=\"twitter:card\" content=\"summary_large_image\" \/>\n<meta name=\"twitter:label1\" content=\"Skrevet af\" \/>\n\t<meta name=\"twitter:data1\" content=\"lirdi\" \/>\n\t<meta name=\"twitter:label2\" content=\"Estimeret l\u00e6setid\" \/>\n\t<meta name=\"twitter:data2\" content=\"2 minutter\" \/>\n<script type=\"application\/ld+json\" class=\"yoast-schema-graph\">{\"@context\":\"https:\/\/schema.org\",\"@graph\":[{\"@type\":\"Article\",\"@id\":\"https:\/\/plus.agency\/da\/artikler\/balancer-mellem-faglighed-og-festlighed-giv-hvert-punkt-mening\/#article\",\"isPartOf\":{\"@id\":\"https:\/\/plus.agency\/da\/artikler\/balancer-mellem-faglighed-og-festlighed-giv-hvert-punkt-mening\/\"},\"author\":{\"name\":\"lirdi\",\"@id\":\"https:\/\/plus.agency\/da\/#\/schema\/person\/bd2d5ddeb2677db1c92553ca34222878\"},\"headline\":\"Balancer mellem faglighed og festlighed: Giv hvert punkt mening\",\"datePublished\":\"2021-10-05T10:41:54+00:00\",\"dateModified\":\"2022-10-20T11:50:38+00:00\",\"mainEntityOfPage\":{\"@id\":\"https:\/\/plus.agency\/da\/artikler\/balancer-mellem-faglighed-og-festlighed-giv-hvert-punkt-mening\/\"},\"wordCount\":392,\"commentCount\":0,\"publisher\":{\"@id\":\"https:\/\/plus.agency\/da\/#organization\"},\"image\":{\"@id\":\"https:\/\/plus.agency\/da\/artikler\/balancer-mellem-faglighed-og-festlighed-giv-hvert-punkt-mening\/#primaryimage\"},\"thumbnailUrl\":\"https:\/\/plus.agency\/wp-content\/uploads\/2021\/10\/4-Balance-in-conference-planning.gif\",\"articleSection\":[\"Artikler\"],\"inLanguage\":\"da-DK\",\"potentialAction\":[{\"@type\":\"CommentAction\",\"name\":\"Comment\",\"target\":[\"https:\/\/plus.agency\/da\/artikler\/balancer-mellem-faglighed-og-festlighed-giv-hvert-punkt-mening\/#respond\"]}]},{\"@type\":\"WebPage\",\"@id\":\"https:\/\/plus.agency\/da\/artikler\/balancer-mellem-faglighed-og-festlighed-giv-hvert-punkt-mening\/\",\"url\":\"https:\/\/plus.agency\/da\/artikler\/balancer-mellem-faglighed-og-festlighed-giv-hvert-punkt-mening\/\",\"name\":\"Balancer mellem faglighed og festlighed: Giv hvert punkt mening &#8211; Plus Agency\",\"isPartOf\":{\"@id\":\"https:\/\/plus.agency\/da\/#website\"},\"primaryImageOfPage\":{\"@id\":\"https:\/\/plus.agency\/da\/artikler\/balancer-mellem-faglighed-og-festlighed-giv-hvert-punkt-mening\/#primaryimage\"},\"image\":{\"@id\":\"https:\/\/plus.agency\/da\/artikler\/balancer-mellem-faglighed-og-festlighed-giv-hvert-punkt-mening\/#primaryimage\"},\"thumbnailUrl\":\"https:\/\/plus.agency\/wp-content\/uploads\/2021\/10\/4-Balance-in-conference-planning.gif\",\"datePublished\":\"2021-10-05T10:41:54+00:00\",\"dateModified\":\"2022-10-20T11:50:38+00:00\",\"breadcrumb\":{\"@id\":\"https:\/\/plus.agency\/da\/artikler\/balancer-mellem-faglighed-og-festlighed-giv-hvert-punkt-mening\/#breadcrumb\"},\"inLanguage\":\"da-DK\",\"potentialAction\":[{\"@type\":\"ReadAction\",\"target\":[\"https:\/\/plus.agency\/da\/artikler\/balancer-mellem-faglighed-og-festlighed-giv-hvert-punkt-mening\/\"]}]},{\"@type\":\"ImageObject\",\"inLanguage\":\"da-DK\",\"@id\":\"https:\/\/plus.agency\/da\/artikler\/balancer-mellem-faglighed-og-festlighed-giv-hvert-punkt-mening\/#primaryimage\",\"url\":\"https:\/\/plus.agency\/wp-content\/uploads\/2021\/10\/4-Balance-in-conference-planning.gif\",\"contentUrl\":\"https:\/\/plus.agency\/wp-content\/uploads\/2021\/10\/4-Balance-in-conference-planning.gif\",\"width\":1000,\"height\":1000},{\"@type\":\"BreadcrumbList\",\"@id\":\"https:\/\/plus.agency\/da\/artikler\/balancer-mellem-faglighed-og-festlighed-giv-hvert-punkt-mening\/#breadcrumb\",\"itemListElement\":[{\"@type\":\"ListItem\",\"position\":1,\"name\":\"Home\",\"item\":\"https:\/\/plus.agency\/da\/?page_id=14767\"},{\"@type\":\"ListItem\",\"position\":2,\"name\":\"Balancer mellem faglighed og festlighed: Giv hvert punkt mening\"}]},{\"@type\":\"WebSite\",\"@id\":\"https:\/\/plus.agency\/da\/#website\",\"url\":\"https:\/\/plus.agency\/da\/\",\"name\":\"Plus Agency\",\"description\":\"Plus Agency\",\"publisher\":{\"@id\":\"https:\/\/plus.agency\/da\/#organization\"},\"potentialAction\":[{\"@type\":\"SearchAction\",\"target\":{\"@type\":\"EntryPoint\",\"urlTemplate\":\"https:\/\/plus.agency\/da\/?s={search_term_string}\"},\"query-input\":{\"@type\":\"PropertyValueSpecification\",\"valueRequired\":true,\"valueName\":\"search_term_string\"}}],\"inLanguage\":\"da-DK\"},{\"@type\":\"Organization\",\"@id\":\"https:\/\/plus.agency\/da\/#organization\",\"name\":\"Plus Agency\",\"url\":\"https:\/\/plus.agency\/da\/\",\"logo\":{\"@type\":\"ImageObject\",\"inLanguage\":\"da-DK\",\"@id\":\"https:\/\/plus.agency\/da\/#\/schema\/logo\/image\/\",\"url\":\"https:\/\/plus.agency\/wp-content\/uploads\/2021\/10\/cropped-plus-agency-logo.png\",\"contentUrl\":\"https:\/\/plus.agency\/wp-content\/uploads\/2021\/10\/cropped-plus-agency-logo.png\",\"width\":525,\"height\":319,\"caption\":\"Plus Agency\"},\"image\":{\"@id\":\"https:\/\/plus.agency\/da\/#\/schema\/logo\/image\/\"}},{\"@type\":\"Person\",\"@id\":\"https:\/\/plus.agency\/da\/#\/schema\/person\/bd2d5ddeb2677db1c92553ca34222878\",\"name\":\"lirdi\",\"image\":{\"@type\":\"ImageObject\",\"inLanguage\":\"da-DK\",\"@id\":\"https:\/\/plus.agency\/da\/#\/schema\/person\/image\/\",\"url\":\"https:\/\/secure.gravatar.com\/avatar\/e722560a81e9c0daa910e6ff84ba250f69af8a4bfe30abcfda8530284380e804?s=96&d=mm&r=g\",\"contentUrl\":\"https:\/\/secure.gravatar.com\/avatar\/e722560a81e9c0daa910e6ff84ba250f69af8a4bfe30abcfda8530284380e804?s=96&d=mm&r=g\",\"caption\":\"lirdi\"},\"sameAs\":[\"https:\/\/plus.agency\"],\"url\":\"https:\/\/plus.agency\/da\/author\/lirdi\/\"}]}<\/script>\n<!-- \/ Yoast SEO plugin. -->","yoast_head_json":{"title":"Balancer mellem faglighed og festlighed: Giv hvert punkt mening &#8211; Plus Agency","robots":{"index":"index","follow":"follow","max-snippet":"max-snippet:-1","max-image-preview":"max-image-preview:large","max-video-preview":"max-video-preview:-1"},"canonical":"https:\/\/plus.agency\/da\/artikler\/balancer-mellem-faglighed-og-festlighed-giv-hvert-punkt-mening\/","og_locale":"da_DK","og_type":"article","og_title":"Balancer mellem faglighed og festlighed: Giv hvert punkt mening &#8211; Plus Agency","og_description":"Du sidder til en konference, og med et smil p\u00e5 l\u00e6ben siger konferencieren: \u201dNu vil jeg gerne bede jer alle sammen rejse jer op.\u201d Hvad er din f\u00f8rste reaktion? Hvis du t\u00e6nker: \u00c5H NEEEEJ!!!! s\u00e5 ligner du de fleste andre. Man bliver straks bekymret for, hvad man nu skal uds\u00e6ttes for. Bliver det pinligt? Kommer [&hellip;]","og_url":"https:\/\/plus.agency\/da\/artikler\/balancer-mellem-faglighed-og-festlighed-giv-hvert-punkt-mening\/","og_site_name":"Plus Agency","article_published_time":"2021-10-05T10:41:54+00:00","article_modified_time":"2022-10-20T11:50:38+00:00","og_image":[{"width":768,"height":768,"url":"https:\/\/plus.agency\/wp-content\/uploads\/2021\/10\/4-Balance-in-conference-planning-768x768.gif","type":"image\/gif"}],"author":"lirdi","twitter_card":"summary_large_image","twitter_misc":{"Skrevet af":"lirdi","Estimeret l\u00e6setid":"2 minutter"},"schema":{"@context":"https:\/\/schema.org","@graph":[{"@type":"Article","@id":"https:\/\/plus.agency\/da\/artikler\/balancer-mellem-faglighed-og-festlighed-giv-hvert-punkt-mening\/#article","isPartOf":{"@id":"https:\/\/plus.agency\/da\/artikler\/balancer-mellem-faglighed-og-festlighed-giv-hvert-punkt-mening\/"},"author":{"name":"lirdi","@id":"https:\/\/plus.agency\/da\/#\/schema\/person\/bd2d5ddeb2677db1c92553ca34222878"},"headline":"Balancer mellem faglighed og festlighed: Giv hvert punkt mening","datePublished":"2021-10-05T10:41:54+00:00","dateModified":"2022-10-20T11:50:38+00:00","mainEntityOfPage":{"@id":"https:\/\/plus.agency\/da\/artikler\/balancer-mellem-faglighed-og-festlighed-giv-hvert-punkt-mening\/"},"wordCount":392,"commentCount":0,"publisher":{"@id":"https:\/\/plus.agency\/da\/#organization"},"image":{"@id":"https:\/\/plus.agency\/da\/artikler\/balancer-mellem-faglighed-og-festlighed-giv-hvert-punkt-mening\/#primaryimage"},"thumbnailUrl":"https:\/\/plus.agency\/wp-content\/uploads\/2021\/10\/4-Balance-in-conference-planning.gif","articleSection":["Artikler"],"inLanguage":"da-DK","potentialAction":[{"@type":"CommentAction","name":"Comment","target":["https:\/\/plus.agency\/da\/artikler\/balancer-mellem-faglighed-og-festlighed-giv-hvert-punkt-mening\/#respond"]}]},{"@type":"WebPage","@id":"https:\/\/plus.agency\/da\/artikler\/balancer-mellem-faglighed-og-festlighed-giv-hvert-punkt-mening\/","url":"https:\/\/plus.agency\/da\/artikler\/balancer-mellem-faglighed-og-festlighed-giv-hvert-punkt-mening\/","name":"Balancer mellem faglighed og festlighed: Giv hvert punkt mening &#8211; Plus Agency","isPartOf":{"@id":"https:\/\/plus.agency\/da\/#website"},"primaryImageOfPage":{"@id":"https:\/\/plus.agency\/da\/artikler\/balancer-mellem-faglighed-og-festlighed-giv-hvert-punkt-mening\/#primaryimage"},"image":{"@id":"https:\/\/plus.agency\/da\/artikler\/balancer-mellem-faglighed-og-festlighed-giv-hvert-punkt-mening\/#primaryimage"},"thumbnailUrl":"https:\/\/plus.agency\/wp-content\/uploads\/2021\/10\/4-Balance-in-conference-planning.gif","datePublished":"2021-10-05T10:41:54+00:00","dateModified":"2022-10-20T11:50:38+00:00","breadcrumb":{"@id":"https:\/\/plus.agency\/da\/artikler\/balancer-mellem-faglighed-og-festlighed-giv-hvert-punkt-mening\/#breadcrumb"},"inLanguage":"da-DK","potentialAction":[{"@type":"ReadAction","target":["https:\/\/plus.agency\/da\/artikler\/balancer-mellem-faglighed-og-festlighed-giv-hvert-punkt-mening\/"]}]},{"@type":"ImageObject","inLanguage":"da-DK","@id":"https:\/\/plus.agency\/da\/artikler\/balancer-mellem-faglighed-og-festlighed-giv-hvert-punkt-mening\/#primaryimage","url":"https:\/\/plus.agency\/wp-content\/uploads\/2021\/10\/4-Balance-in-conference-planning.gif","contentUrl":"https:\/\/plus.agency\/wp-content\/uploads\/2021\/10\/4-Balance-in-conference-planning.gif","width":1000,"height":1000},{"@type":"BreadcrumbList","@id":"https:\/\/plus.agency\/da\/artikler\/balancer-mellem-faglighed-og-festlighed-giv-hvert-punkt-mening\/#breadcrumb","itemListElement":[{"@type":"ListItem","position":1,"name":"Home","item":"https:\/\/plus.agency\/da\/?page_id=14767"},{"@type":"ListItem","position":2,"name":"Balancer mellem faglighed og festlighed: Giv hvert punkt mening"}]},{"@type":"WebSite","@id":"https:\/\/plus.agency\/da\/#website","url":"https:\/\/plus.agency\/da\/","name":"Plus Agency","description":"Plus Agency","publisher":{"@id":"https:\/\/plus.agency\/da\/#organization"},"potentialAction":[{"@type":"SearchAction","target":{"@type":"EntryPoint","urlTemplate":"https:\/\/plus.agency\/da\/?s={search_term_string}"},"query-input":{"@type":"PropertyValueSpecification","valueRequired":true,"valueName":"search_term_string"}}],"inLanguage":"da-DK"},{"@type":"Organization","@id":"https:\/\/plus.agency\/da\/#organization","name":"Plus Agency","url":"https:\/\/plus.agency\/da\/","logo":{"@type":"ImageObject","inLanguage":"da-DK","@id":"https:\/\/plus.agency\/da\/#\/schema\/logo\/image\/","url":"https:\/\/plus.agency\/wp-content\/uploads\/2021\/10\/cropped-plus-agency-logo.png","contentUrl":"https:\/\/plus.agency\/wp-content\/uploads\/2021\/10\/cropped-plus-agency-logo.png","width":525,"height":319,"caption":"Plus Agency"},"image":{"@id":"https:\/\/plus.agency\/da\/#\/schema\/logo\/image\/"}},{"@type":"Person","@id":"https:\/\/plus.agency\/da\/#\/schema\/person\/bd2d5ddeb2677db1c92553ca34222878","name":"lirdi","image":{"@type":"ImageObject","inLanguage":"da-DK","@id":"https:\/\/plus.agency\/da\/#\/schema\/person\/image\/","url":"https:\/\/secure.gravatar.com\/avatar\/e722560a81e9c0daa910e6ff84ba250f69af8a4bfe30abcfda8530284380e804?s=96&d=mm&r=g","contentUrl":"https:\/\/secure.gravatar.com\/avatar\/e722560a81e9c0daa910e6ff84ba250f69af8a4bfe30abcfda8530284380e804?s=96&d=mm&r=g","caption":"lirdi"},"sameAs":["https:\/\/plus.agency"],"url":"https:\/\/plus.agency\/da\/author\/lirdi\/"}]}},"_links":{"self":[{"href":"https:\/\/plus.agency\/da\/wp-json\/wp\/v2\/posts\/805","targetHints":{"allow":["GET"]}}],"collection":[{"href":"https:\/\/plus.agency\/da\/wp-json\/wp\/v2\/posts"}],"about":[{"href":"https:\/\/plus.agency\/da\/wp-json\/wp\/v2\/types\/post"}],"author":[{"embeddable":true,"href":"https:\/\/plus.agency\/da\/wp-json\/wp\/v2\/users\/1"}],"replies":[{"embeddable":true,"href":"https:\/\/plus.agency\/da\/wp-json\/wp\/v2\/comments?post=805"}],"version-history":[{"count":13,"href":"https:\/\/plus.agency\/da\/wp-json\/wp\/v2\/posts\/805\/revisions"}],"predecessor-version":[{"id":11182,"href":"https:\/\/plus.agency\/da\/wp-json\/wp\/v2\/posts\/805\/revisions\/11182"}],"wp:featuredmedia":[{"embeddable":true,"href":"https:\/\/plus.agency\/da\/wp-json\/wp\/v2\/media\/807"}],"wp:attachment":[{"href":"https:\/\/plus.agency\/da\/wp-json\/wp\/v2\/media?parent=805"}],"wp:term":[{"taxonomy":"category","embeddable":true,"href":"https:\/\/plus.agency\/da\/wp-json\/wp\/v2\/categories?post=805"},{"taxonomy":"post_tag","embeddable":true,"href":"https:\/\/plus.agency\/da\/wp-json\/wp\/v2\/tags?post=805"}],"curies":[{"name":"wp","href":"https:\/\/api.w.org\/{rel}","templated":true}]}}